{"id":91,"date":"2023-04-18T15:44:26","date_gmt":"2023-04-18T13:44:26","guid":{"rendered":"http:\/\/www.satinpoursoie.fr\/?p=91"},"modified":"2025-11-06T17:23:55","modified_gmt":"2025-11-06T16:23:55","slug":"un-sac-cabas-unique-et-original","status":"publish","type":"post","link":"https:\/\/www.satinpoursoie.fr\/index.php\/2023\/04\/18\/un-sac-cabas-unique-et-original\/","title":{"rendered":"Un Sac Cabas Unique et Original"},"content":{"rendered":"\n<h4 class=\"wp-block-heading\"><strong>Sac Cabas Unique et Original \u2013 Cr\u00e9ation Artisanale \u00e0 Vichy<\/strong><\/h4>\n\n\n\n<p>D\u00e9couvrez un <strong>sac cabas unique et original<\/strong>, imagin\u00e9 et confectionn\u00e9 avec passion dans mon <strong>atelier de couture \u00e0 Vichy<\/strong>. Id\u00e9al pour vos vir\u00e9es shopping, vos escapades du week-end ou simplement pour apporter une touche de style \u00e0 votre quotidien, ce <strong>sac cabas fait main<\/strong> associe \u00e9l\u00e9gance, praticit\u00e9 et authenticit\u00e9.<\/p>\n\n\n\n<p>Chaque sac est une <strong>cr\u00e9ation artisanale sur mesure<\/strong>. Choisissez les tissus, les couleurs et les finitions pour cr\u00e9er un mod\u00e8le qui vous ressemble. Laissez-vous s\u00e9duire par un <strong>motif Jacquard raffin\u00e9<\/strong>, une <strong>su\u00e9dine toute douce<\/strong> ou un <strong>effet jean moderne<\/strong> pour un look plus contemporain. Envie d\u2019un style \u201cstreet\u201d ? Laissez libre cours \u00e0 votre imagination : je r\u00e9alise votre sac selon vos envies. Abracadabra, la magie est l\u00e0 !<\/p>\n\n\n\n<p>En cadeau, recevez votre <strong>pochette zipp\u00e9e assortie<\/strong>, confectionn\u00e9e en su\u00e9dine, jean et coton enduit, doubl\u00e9e en popeline unie. Pratique et \u00e9l\u00e9gante, elle accueillera votre t\u00e9l\u00e9phone, vos papiers ou votre maquillage.<\/p>\n\n\n\n<p>Vous souhaitez offrir un <strong>cadeau personnalis\u00e9 et fait main<\/strong> ? Racontez-moi votre id\u00e9e : un th\u00e8me \u00e9questre, des chats adorables, un clin d\u2019\u0153il \u00e0 la Bretagne ou \u00e0 l\u2019Afrique\u2026 Je s\u00e9lectionne pour vous les plus beaux tissus et cr\u00e9e des associations uniques pour sublimer votre sac.<\/p>\n\n\n\n<p>Rendez-vous en <a href=\"https:\/\/www.satinpoursoie.fr\/index.php\/satin-pour-soie\/atelier-de-couture\/\">boutique <\/a>ou sur <strong><a href=\"http:\/\/shop.satinpoursoie.fr\">shop.satinpoursoie.fr<\/a><\/strong> pour composer votre <strong>sac cabas unique et original<\/strong>. Offrez-vous une pi\u00e8ce exclusive, 100 % artisanale, qui allie savoir-faire, style et personnalit\u00e9.<\/p>\n\n\n\n<p><\/p>\n\n\n\n<figure class=\"wp-block-image size-large\"><img loading=\"lazy\" decoding=\"async\" width=\"1024\" height=\"768\" src=\"https:\/\/www.satinpoursoie.fr\/wp-content\/uploads\/2023\/04\/20230404_162828-1024x768.jpg\" alt=\"\" class=\"wp-image-97\" srcset=\"https:\/\/www.satinpoursoie.fr\/wp-content\/uploads\/2023\/04\/20230404_162828-1024x768.jpg 1024w, https:\/\/www.satinpoursoie.fr\/wp-content\/uploads\/2023\/04\/20230404_162828-scaled-600x450.jpg 600w, https:\/\/www.satinpoursoie.fr\/wp-content\/uploads\/2023\/04\/20230404_162828-300x225.jpg 300w, https:\/\/www.satinpoursoie.fr\/wp-content\/uploads\/2023\/04\/20230404_162828-768x576.jpg 768w, https:\/\/www.satinpoursoie.fr\/wp-content\/uploads\/2023\/04\/20230404_162828-1536x1152.jpg 1536w, https:\/\/www.satinpoursoie.fr\/wp-content\/uploads\/2023\/04\/20230404_162828-2048x1536.jpg 2048w, https:\/\/www.satinpoursoie.fr\/wp-content\/uploads\/2023\/04\/20230404_162828-80x60.jpg 80w\" sizes=\"auto, (max-width: 1024px) 100vw, 1024px\" \/><\/figure>\n\n\n\n<div class=\"wp-block-buttons is-content-justification-right is-layout-flex wp-container-core-buttons-is-layout-765c4724 wp-block-buttons-is-layout-flex\">\n<div class=\"wp-block-button\"><a class=\"wp-block-button__link has-text-color has-background has-text-align-center wp-element-button\" href=\"https:\/\/shop.satinpoursoie.fr\/7-sacs\" style=\"color:#111111;background-color:#d4aaaa\" target=\"_blank\" rel=\"noreferrer noopener\">Boutique<\/a><\/div>\n<\/div>\n","protected":false},"excerpt":{"rendered":"<p>Sac Cabas Unique et Original \u2013 Cr\u00e9ation Artisanale \u00e0 Vichy D\u00e9couvrez un sac cabas unique et original, imagin\u00e9 et confectionn\u00e9 avec passion dans mon atelier de couture \u00e0 Vichy. Id\u00e9al pour vos vir\u00e9es shopping, vos escapades du week-end ou simplement pour apporter une touche de style \u00e0 votre quotidien, ce sac cabas fait main associe &hellip; <\/p>\n","protected":false},"author":1,"featured_media":97,"comment_status":"open","ping_status":"open","sticky":false,"template":"","format":"standard","meta":{"footnotes":""},"categories":[34,35],"tags":[31,40,85,28,32,33,26,30,29,81,74],"class_list":["post-91","post","type-post","status-publish","format-standard","has-post-thumbnail","hentry","category-accessoires","category-sacs","tag-cabas","tag-coton","tag-couture","tag-enduit","tag-grand","tag-pochette","tag-sac","tag-shopping","tag-suedine","tag-vetement","tag-vichy"],"yoast_head":"<!-- This site is optimized with the Yoast SEO plugin v27.4 - https:\/\/yoast.com\/product\/yoast-seo-wordpress\/ -->\n<title>Un Sac Cabas Unique et Original - Satin pour Soie<\/title>\n<meta name=\"description\" content=\"Un sac cabas unique et original avec sa pochette assortie, motif Jacquard, r\u00e9alis\u00e9 \u00e0 la commande dans l&#039;atelier de couture de Vichy\" \/>\n<meta name=\"robots\" content=\"index, follow, max-snippet:-1, max-image-preview:large, max-video-preview:-1\" \/>\n<link rel=\"canonical\" href=\"https:\/\/www.satinpoursoie.fr\/index.php\/2023\/04\/18\/un-sac-cabas-unique-et-original\/\" \/>\n<meta property=\"og:locale\" content=\"fr_FR\" \/>\n<meta property=\"og:type\" content=\"article\" \/>\n<meta property=\"og:title\" content=\"Un Sac Cabas Unique et Original - Satin pour Soie\" \/>\n<meta property=\"og:description\" content=\"Un sac cabas unique et original avec sa pochette assortie, motif Jacquard, r\u00e9alis\u00e9 \u00e0 la commande dans l&#039;atelier de couture de Vichy\" \/>\n<meta property=\"og:url\" content=\"https:\/\/www.satinpoursoie.fr\/index.php\/2023\/04\/18\/un-sac-cabas-unique-et-original\/\" \/>\n<meta property=\"og:site_name\" content=\"Satin pour Soie\" \/>\n<meta property=\"article:publisher\" content=\"https:\/\/www.facebook.com\/satinpoursoie\" \/>\n<meta property=\"article:published_time\" content=\"2023-04-18T13:44:26+00:00\" \/>\n<meta property=\"article:modified_time\" content=\"2025-11-06T16:23:55+00:00\" \/>\n<meta property=\"og:image\" content=\"https:\/\/www.satinpoursoie.fr\/wp-content\/uploads\/2023\/04\/20230404_162828-scaled.jpg\" \/>\n\t<meta property=\"og:image:width\" content=\"2560\" \/>\n\t<meta property=\"og:image:height\" content=\"1920\" \/>\n\t<meta property=\"og:image:type\" content=\"image\/jpeg\" \/>\n<meta name=\"author\" content=\"Doroth\u00e9e\" \/>\n<meta name=\"twitter:card\" content=\"summary_large_image\" \/>\n<meta name=\"twitter:label1\" content=\"\u00c9crit par\" \/>\n\t<meta name=\"twitter:data1\" content=\"Doroth\u00e9e\" \/>\n\t<meta name=\"twitter:label2\" content=\"Dur\u00e9e de lecture estim\u00e9e\" \/>\n\t<meta name=\"twitter:data2\" content=\"2 minutes\" \/>\n<script type=\"application\/ld+json\" class=\"yoast-schema-graph\">{\"@context\":\"https:\\\/\\\/schema.org\",\"@graph\":[{\"@type\":\"Article\",\"@id\":\"https:\\\/\\\/www.satinpoursoie.fr\\\/index.php\\\/2023\\\/04\\\/18\\\/un-sac-cabas-unique-et-original\\\/#article\",\"isPartOf\":{\"@id\":\"https:\\\/\\\/www.satinpoursoie.fr\\\/index.php\\\/2023\\\/04\\\/18\\\/un-sac-cabas-unique-et-original\\\/\"},\"author\":{\"name\":\"Doroth\u00e9e\",\"@id\":\"https:\\\/\\\/www.satinpoursoie.fr\\\/#\\\/schema\\\/person\\\/39d387b04026f7512ef2c95f1a1603f1\"},\"headline\":\"Un Sac Cabas Unique et Original\",\"datePublished\":\"2023-04-18T13:44:26+00:00\",\"dateModified\":\"2025-11-06T16:23:55+00:00\",\"mainEntityOfPage\":{\"@id\":\"https:\\\/\\\/www.satinpoursoie.fr\\\/index.php\\\/2023\\\/04\\\/18\\\/un-sac-cabas-unique-et-original\\\/\"},\"wordCount\":252,\"commentCount\":0,\"publisher\":{\"@id\":\"https:\\\/\\\/www.satinpoursoie.fr\\\/#organization\"},\"image\":{\"@id\":\"https:\\\/\\\/www.satinpoursoie.fr\\\/index.php\\\/2023\\\/04\\\/18\\\/un-sac-cabas-unique-et-original\\\/#primaryimage\"},\"thumbnailUrl\":\"https:\\\/\\\/www.satinpoursoie.fr\\\/wp-content\\\/uploads\\\/2023\\\/04\\\/20230404_162828-scaled.jpg\",\"keywords\":[\"cabas\",\"coton\",\"couture\",\"enduit\",\"grand\",\"pochette\",\"sac\",\"shopping\",\"su\u00e9dine\",\"vetement\",\"vichy\"],\"articleSection\":[\"Accessoires\",\"Sacs\"],\"inLanguage\":\"fr-FR\",\"potentialAction\":[{\"@type\":\"CommentAction\",\"name\":\"Comment\",\"target\":[\"https:\\\/\\\/www.satinpoursoie.fr\\\/index.php\\\/2023\\\/04\\\/18\\\/un-sac-cabas-unique-et-original\\\/#respond\"]}]},{\"@type\":\"WebPage\",\"@id\":\"https:\\\/\\\/www.satinpoursoie.fr\\\/index.php\\\/2023\\\/04\\\/18\\\/un-sac-cabas-unique-et-original\\\/\",\"url\":\"https:\\\/\\\/www.satinpoursoie.fr\\\/index.php\\\/2023\\\/04\\\/18\\\/un-sac-cabas-unique-et-original\\\/\",\"name\":\"Un Sac Cabas Unique et Original - Satin pour Soie\",\"isPartOf\":{\"@id\":\"https:\\\/\\\/www.satinpoursoie.fr\\\/#website\"},\"primaryImageOfPage\":{\"@id\":\"https:\\\/\\\/www.satinpoursoie.fr\\\/index.php\\\/2023\\\/04\\\/18\\\/un-sac-cabas-unique-et-original\\\/#primaryimage\"},\"image\":{\"@id\":\"https:\\\/\\\/www.satinpoursoie.fr\\\/index.php\\\/2023\\\/04\\\/18\\\/un-sac-cabas-unique-et-original\\\/#primaryimage\"},\"thumbnailUrl\":\"https:\\\/\\\/www.satinpoursoie.fr\\\/wp-content\\\/uploads\\\/2023\\\/04\\\/20230404_162828-scaled.jpg\",\"datePublished\":\"2023-04-18T13:44:26+00:00\",\"dateModified\":\"2025-11-06T16:23:55+00:00\",\"description\":\"Un sac cabas unique et original avec sa pochette assortie, motif Jacquard, r\u00e9alis\u00e9 \u00e0 la commande dans l'atelier de couture de Vichy\",\"breadcrumb\":{\"@id\":\"https:\\\/\\\/www.satinpoursoie.fr\\\/index.php\\\/2023\\\/04\\\/18\\\/un-sac-cabas-unique-et-original\\\/#breadcrumb\"},\"inLanguage\":\"fr-FR\",\"potentialAction\":[{\"@type\":\"ReadAction\",\"target\":[\"https:\\\/\\\/www.satinpoursoie.fr\\\/index.php\\\/2023\\\/04\\\/18\\\/un-sac-cabas-unique-et-original\\\/\"]}]},{\"@type\":\"ImageObject\",\"inLanguage\":\"fr-FR\",\"@id\":\"https:\\\/\\\/www.satinpoursoie.fr\\\/index.php\\\/2023\\\/04\\\/18\\\/un-sac-cabas-unique-et-original\\\/#primaryimage\",\"url\":\"https:\\\/\\\/www.satinpoursoie.fr\\\/wp-content\\\/uploads\\\/2023\\\/04\\\/20230404_162828-scaled.jpg\",\"contentUrl\":\"https:\\\/\\\/www.satinpoursoie.fr\\\/wp-content\\\/uploads\\\/2023\\\/04\\\/20230404_162828-scaled.jpg\",\"width\":2560,\"height\":1920,\"caption\":\"Un sac cabas original pour un shopping entre filles r\u00e9alis\u00e9 dans l'atelier de couture de vichy\"},{\"@type\":\"BreadcrumbList\",\"@id\":\"https:\\\/\\\/www.satinpoursoie.fr\\\/index.php\\\/2023\\\/04\\\/18\\\/un-sac-cabas-unique-et-original\\\/#breadcrumb\",\"itemListElement\":[{\"@type\":\"ListItem\",\"position\":1,\"name\":\"Accueil\",\"item\":\"https:\\\/\\\/www.satinpoursoie.fr\\\/\"},{\"@type\":\"ListItem\",\"position\":2,\"name\":\"Un Sac Cabas Unique et Original\"}]},{\"@type\":\"WebSite\",\"@id\":\"https:\\\/\\\/www.satinpoursoie.fr\\\/#website\",\"url\":\"https:\\\/\\\/www.satinpoursoie.fr\\\/\",\"name\":\"Satin pour Soie\",\"description\":\"Un atelier de couture sur mesure pour r\u00e9aliser vos r\u00eaves vestimentaires\",\"publisher\":{\"@id\":\"https:\\\/\\\/www.satinpoursoie.fr\\\/#organization\"},\"potentialAction\":[{\"@type\":\"SearchAction\",\"target\":{\"@type\":\"EntryPoint\",\"urlTemplate\":\"https:\\\/\\\/www.satinpoursoie.fr\\\/?s={search_term_string}\"},\"query-input\":{\"@type\":\"PropertyValueSpecification\",\"valueRequired\":true,\"valueName\":\"search_term_string\"}}],\"inLanguage\":\"fr-FR\"},{\"@type\":\"Organization\",\"@id\":\"https:\\\/\\\/www.satinpoursoie.fr\\\/#organization\",\"name\":\"Satin pour soie\",\"url\":\"https:\\\/\\\/www.satinpoursoie.fr\\\/\",\"logo\":{\"@type\":\"ImageObject\",\"inLanguage\":\"fr-FR\",\"@id\":\"https:\\\/\\\/www.satinpoursoie.fr\\\/#\\\/schema\\\/logo\\\/image\\\/\",\"url\":\"https:\\\/\\\/www.satinpoursoie.fr\\\/wp-content\\\/uploads\\\/2023\\\/04\\\/cropped-Icon-Satin-1.png\",\"contentUrl\":\"https:\\\/\\\/www.satinpoursoie.fr\\\/wp-content\\\/uploads\\\/2023\\\/04\\\/cropped-Icon-Satin-1.png\",\"width\":512,\"height\":512,\"caption\":\"Satin pour soie\"},\"image\":{\"@id\":\"https:\\\/\\\/www.satinpoursoie.fr\\\/#\\\/schema\\\/logo\\\/image\\\/\"},\"sameAs\":[\"https:\\\/\\\/www.facebook.com\\\/satinpoursoie\",\"https:\\\/\\\/www.instagram.com\\\/satinpoursoie\\\/\"]},{\"@type\":\"Person\",\"@id\":\"https:\\\/\\\/www.satinpoursoie.fr\\\/#\\\/schema\\\/person\\\/39d387b04026f7512ef2c95f1a1603f1\",\"name\":\"Doroth\u00e9e\",\"image\":{\"@type\":\"ImageObject\",\"inLanguage\":\"fr-FR\",\"@id\":\"https:\\\/\\\/secure.gravatar.com\\\/avatar\\\/25aa9110c20c1001983a1a880b174de257fd5fefc0520abcd9f620f4dc2727d6?s=96&d=mm&r=g\",\"url\":\"https:\\\/\\\/secure.gravatar.com\\\/avatar\\\/25aa9110c20c1001983a1a880b174de257fd5fefc0520abcd9f620f4dc2727d6?s=96&d=mm&r=g\",\"contentUrl\":\"https:\\\/\\\/secure.gravatar.com\\\/avatar\\\/25aa9110c20c1001983a1a880b174de257fd5fefc0520abcd9f620f4dc2727d6?s=96&d=mm&r=g\",\"caption\":\"Doroth\u00e9e\"},\"sameAs\":[\"http:\\\/\\\/www.satinpoursoie.fr\"],\"url\":\"https:\\\/\\\/www.satinpoursoie.fr\\\/index.php\\\/author\\\/dorothee\\\/\"}]}<\/script>\n<!-- \/ Yoast SEO plugin. -->","yoast_head_json":{"title":"Un Sac Cabas Unique et Original - Satin pour Soie","description":"Un sac cabas unique et original avec sa pochette assortie, motif Jacquard, r\u00e9alis\u00e9 \u00e0 la commande dans l'atelier de couture de Vichy","robots":{"index":"index","follow":"follow","max-snippet":"max-snippet:-1","max-image-preview":"max-image-preview:large","max-video-preview":"max-video-preview:-1"},"canonical":"https:\/\/www.satinpoursoie.fr\/index.php\/2023\/04\/18\/un-sac-cabas-unique-et-original\/","og_locale":"fr_FR","og_type":"article","og_title":"Un Sac Cabas Unique et Original - Satin pour Soie","og_description":"Un sac cabas unique et original avec sa pochette assortie, motif Jacquard, r\u00e9alis\u00e9 \u00e0 la commande dans l'atelier de couture de Vichy","og_url":"https:\/\/www.satinpoursoie.fr\/index.php\/2023\/04\/18\/un-sac-cabas-unique-et-original\/","og_site_name":"Satin pour Soie","article_publisher":"https:\/\/www.facebook.com\/satinpoursoie","article_published_time":"2023-04-18T13:44:26+00:00","article_modified_time":"2025-11-06T16:23:55+00:00","og_image":[{"width":2560,"height":1920,"url":"https:\/\/www.satinpoursoie.fr\/wp-content\/uploads\/2023\/04\/20230404_162828-scaled.jpg","type":"image\/jpeg"}],"author":"Doroth\u00e9e","twitter_card":"summary_large_image","twitter_misc":{"\u00c9crit par":"Doroth\u00e9e","Dur\u00e9e de lecture estim\u00e9e":"2 minutes"},"schema":{"@context":"https:\/\/schema.org","@graph":[{"@type":"Article","@id":"https:\/\/www.satinpoursoie.fr\/index.php\/2023\/04\/18\/un-sac-cabas-unique-et-original\/#article","isPartOf":{"@id":"https:\/\/www.satinpoursoie.fr\/index.php\/2023\/04\/18\/un-sac-cabas-unique-et-original\/"},"author":{"name":"Doroth\u00e9e","@id":"https:\/\/www.satinpoursoie.fr\/#\/schema\/person\/39d387b04026f7512ef2c95f1a1603f1"},"headline":"Un Sac Cabas Unique et Original","datePublished":"2023-04-18T13:44:26+00:00","dateModified":"2025-11-06T16:23:55+00:00","mainEntityOfPage":{"@id":"https:\/\/www.satinpoursoie.fr\/index.php\/2023\/04\/18\/un-sac-cabas-unique-et-original\/"},"wordCount":252,"commentCount":0,"publisher":{"@id":"https:\/\/www.satinpoursoie.fr\/#organization"},"image":{"@id":"https:\/\/www.satinpoursoie.fr\/index.php\/2023\/04\/18\/un-sac-cabas-unique-et-original\/#primaryimage"},"thumbnailUrl":"https:\/\/www.satinpoursoie.fr\/wp-content\/uploads\/2023\/04\/20230404_162828-scaled.jpg","keywords":["cabas","coton","couture","enduit","grand","pochette","sac","shopping","su\u00e9dine","vetement","vichy"],"articleSection":["Accessoires","Sacs"],"inLanguage":"fr-FR","potentialAction":[{"@type":"CommentAction","name":"Comment","target":["https:\/\/www.satinpoursoie.fr\/index.php\/2023\/04\/18\/un-sac-cabas-unique-et-original\/#respond"]}]},{"@type":"WebPage","@id":"https:\/\/www.satinpoursoie.fr\/index.php\/2023\/04\/18\/un-sac-cabas-unique-et-original\/","url":"https:\/\/www.satinpoursoie.fr\/index.php\/2023\/04\/18\/un-sac-cabas-unique-et-original\/","name":"Un Sac Cabas Unique et Original - Satin pour Soie","isPartOf":{"@id":"https:\/\/www.satinpoursoie.fr\/#website"},"primaryImageOfPage":{"@id":"https:\/\/www.satinpoursoie.fr\/index.php\/2023\/04\/18\/un-sac-cabas-unique-et-original\/#primaryimage"},"image":{"@id":"https:\/\/www.satinpoursoie.fr\/index.php\/2023\/04\/18\/un-sac-cabas-unique-et-original\/#primaryimage"},"thumbnailUrl":"https:\/\/www.satinpoursoie.fr\/wp-content\/uploads\/2023\/04\/20230404_162828-scaled.jpg","datePublished":"2023-04-18T13:44:26+00:00","dateModified":"2025-11-06T16:23:55+00:00","description":"Un sac cabas unique et original avec sa pochette assortie, motif Jacquard, r\u00e9alis\u00e9 \u00e0 la commande dans l'atelier de couture de Vichy","breadcrumb":{"@id":"https:\/\/www.satinpoursoie.fr\/index.php\/2023\/04\/18\/un-sac-cabas-unique-et-original\/#breadcrumb"},"inLanguage":"fr-FR","potentialAction":[{"@type":"ReadAction","target":["https:\/\/www.satinpoursoie.fr\/index.php\/2023\/04\/18\/un-sac-cabas-unique-et-original\/"]}]},{"@type":"ImageObject","inLanguage":"fr-FR","@id":"https:\/\/www.satinpoursoie.fr\/index.php\/2023\/04\/18\/un-sac-cabas-unique-et-original\/#primaryimage","url":"https:\/\/www.satinpoursoie.fr\/wp-content\/uploads\/2023\/04\/20230404_162828-scaled.jpg","contentUrl":"https:\/\/www.satinpoursoie.fr\/wp-content\/uploads\/2023\/04\/20230404_162828-scaled.jpg","width":2560,"height":1920,"caption":"Un sac cabas original pour un shopping entre filles r\u00e9alis\u00e9 dans l'atelier de couture de vichy"},{"@type":"BreadcrumbList","@id":"https:\/\/www.satinpoursoie.fr\/index.php\/2023\/04\/18\/un-sac-cabas-unique-et-original\/#breadcrumb","itemListElement":[{"@type":"ListItem","position":1,"name":"Accueil","item":"https:\/\/www.satinpoursoie.fr\/"},{"@type":"ListItem","position":2,"name":"Un Sac Cabas Unique et Original"}]},{"@type":"WebSite","@id":"https:\/\/www.satinpoursoie.fr\/#website","url":"https:\/\/www.satinpoursoie.fr\/","name":"Satin pour Soie","description":"Un atelier de couture sur mesure pour r\u00e9aliser vos r\u00eaves vestimentaires","publisher":{"@id":"https:\/\/www.satinpoursoie.fr\/#organization"},"potentialAction":[{"@type":"SearchAction","target":{"@type":"EntryPoint","urlTemplate":"https:\/\/www.satinpoursoie.fr\/?s={search_term_string}"},"query-input":{"@type":"PropertyValueSpecification","valueRequired":true,"valueName":"search_term_string"}}],"inLanguage":"fr-FR"},{"@type":"Organization","@id":"https:\/\/www.satinpoursoie.fr\/#organization","name":"Satin pour soie","url":"https:\/\/www.satinpoursoie.fr\/","logo":{"@type":"ImageObject","inLanguage":"fr-FR","@id":"https:\/\/www.satinpoursoie.fr\/#\/schema\/logo\/image\/","url":"https:\/\/www.satinpoursoie.fr\/wp-content\/uploads\/2023\/04\/cropped-Icon-Satin-1.png","contentUrl":"https:\/\/www.satinpoursoie.fr\/wp-content\/uploads\/2023\/04\/cropped-Icon-Satin-1.png","width":512,"height":512,"caption":"Satin pour soie"},"image":{"@id":"https:\/\/www.satinpoursoie.fr\/#\/schema\/logo\/image\/"},"sameAs":["https:\/\/www.facebook.com\/satinpoursoie","https:\/\/www.instagram.com\/satinpoursoie\/"]},{"@type":"Person","@id":"https:\/\/www.satinpoursoie.fr\/#\/schema\/person\/39d387b04026f7512ef2c95f1a1603f1","name":"Doroth\u00e9e","image":{"@type":"ImageObject","inLanguage":"fr-FR","@id":"https:\/\/secure.gravatar.com\/avatar\/25aa9110c20c1001983a1a880b174de257fd5fefc0520abcd9f620f4dc2727d6?s=96&d=mm&r=g","url":"https:\/\/secure.gravatar.com\/avatar\/25aa9110c20c1001983a1a880b174de257fd5fefc0520abcd9f620f4dc2727d6?s=96&d=mm&r=g","contentUrl":"https:\/\/secure.gravatar.com\/avatar\/25aa9110c20c1001983a1a880b174de257fd5fefc0520abcd9f620f4dc2727d6?s=96&d=mm&r=g","caption":"Doroth\u00e9e"},"sameAs":["http:\/\/www.satinpoursoie.fr"],"url":"https:\/\/www.satinpoursoie.fr\/index.php\/author\/dorothee\/"}]}},"_links":{"self":[{"href":"https:\/\/www.satinpoursoie.fr\/index.php\/wp-json\/wp\/v2\/posts\/91","targetHints":{"allow":["GET"]}}],"collection":[{"href":"https:\/\/www.satinpoursoie.fr\/index.php\/wp-json\/wp\/v2\/posts"}],"about":[{"href":"https:\/\/www.satinpoursoie.fr\/index.php\/wp-json\/wp\/v2\/types\/post"}],"author":[{"embeddable":true,"href":"https:\/\/www.satinpoursoie.fr\/index.php\/wp-json\/wp\/v2\/users\/1"}],"replies":[{"embeddable":true,"href":"https:\/\/www.satinpoursoie.fr\/index.php\/wp-json\/wp\/v2\/comments?post=91"}],"version-history":[{"count":6,"href":"https:\/\/www.satinpoursoie.fr\/index.php\/wp-json\/wp\/v2\/posts\/91\/revisions"}],"predecessor-version":[{"id":741,"href":"https:\/\/www.satinpoursoie.fr\/index.php\/wp-json\/wp\/v2\/posts\/91\/revisions\/741"}],"wp:featuredmedia":[{"embeddable":true,"href":"https:\/\/www.satinpoursoie.fr\/index.php\/wp-json\/wp\/v2\/media\/97"}],"wp:attachment":[{"href":"https:\/\/www.satinpoursoie.fr\/index.php\/wp-json\/wp\/v2\/media?parent=91"}],"wp:term":[{"taxonomy":"category","embeddable":true,"href":"https:\/\/www.satinpoursoie.fr\/index.php\/wp-json\/wp\/v2\/categories?post=91"},{"taxonomy":"post_tag","embeddable":true,"href":"https:\/\/www.satinpoursoie.fr\/index.php\/wp-json\/wp\/v2\/tags?post=91"}],"curies":[{"name":"wp","href":"https:\/\/api.w.org\/{rel}","templated":true}]}}